{"id":2287,"date":"2014-04-15T11:28:56","date_gmt":"2014-04-15T17:28:56","guid":{"rendered":"https:\/\/beta.proleer.org\/2014\/04\/15\/reunion-anual\/"},"modified":"2014-04-15T11:28:56","modified_gmt":"2014-04-15T17:28:56","slug":"reunion-anual","status":"publish","type":"post","link":"https:\/\/www.proleer.org\/es\/2014\/04\/15\/reunion-anual\/","title":{"rendered":"Reuni\u00f3n Anual"},"content":{"rendered":"<p><strong><span lang=\"EN-US\" style=\"font-family: 'Arial','sans-serif'; font-size: 11pt;\"><\/span><\/strong><\/p>\n<h1><span lang=\"EN-US\">Reuni\u00f3n Anual<\/span><\/h1>\n<hr \/>\n<p>&nbsp;<\/p>\n<p><img fetchpriority=\"high\" decoding=\"async\" class=\" alignright size-full wp-image-2201\" style=\"margin: 0px 10px 10px; float: right;\" alt=\"annual meeting\" src=\"https:\/\/www.proleer.org\/wp-content\/uploads\/2013\/11\/annual_meeting-689.jpg\" width=\"350\" height=\"260\" srcset=\"https:\/\/www.proleer.org\/wp-content\/uploads\/2013\/11\/annual_meeting-689.jpg 350w, https:\/\/www.proleer.org\/wp-content\/uploads\/2013\/11\/annual_meeting-689-300x223.jpg 300w\" sizes=\"(max-width: 350px) 100vw, 350px\" \/><\/p>\n<p>&nbsp;<\/p>\n<p>Una vez al a\u00f1o, el grupo se re\u00fane en la Facultad de Educaci\u00f3n de la Universidad de Harvard, en Cambridge, MA para examinar sus \u00e1reas de enfoque por medio de una variedad de experiencias de aprendizaje, sesiones plenarias, paneles de discusi\u00f3n y presentaciones de casos que enfatizan el di\u00e1logo de temas y retos com\u00fanes a todo el grupo tanto local como internacionalmente. Entre reuniones, el grupo apoya el di\u00e1logo cont\u00ednuo y la construcci\u00f3n de colaboraciones a nivel nacional y internacional de la red de ProLEER.<\/p>\n<p>&nbsp;<\/p>\n<p>&nbsp;<\/p>\n<p>&nbsp;<\/p>\n<p>&nbsp;<\/p><\/p>\n","protected":false},"excerpt":{"rendered":"<p>Reuni\u00f3n Anual &nbsp; &nbsp; Una vez al a\u00f1o, el grupo se re\u00fane en la Facultad de Educaci\u00f3n de la Universidad de Harvard, en Cambridge, MA para examinar sus \u00e1reas de enfoque por medio de una variedad de experiencias de aprendizaje, sesiones plenarias, paneles de discusi\u00f3n y presentaciones de casos que enfatizan el di\u00e1logo de temas [&hellip;]<\/p>\n","protected":false},"author":1,"featured_media":2201,"comment_status":"open","ping_status":"open","sticky":false,"template":"","format":"standard","meta":{"footnotes":""},"categories":[205],"tags":[],"_links":{"self":[{"href":"https:\/\/www.proleer.org\/es\/wp-json\/wp\/v2\/posts\/2287"}],"collection":[{"href":"https:\/\/www.proleer.org\/es\/wp-json\/wp\/v2\/posts"}],"about":[{"href":"https:\/\/www.proleer.org\/es\/wp-json\/wp\/v2\/types\/post"}],"author":[{"embeddable":true,"href":"https:\/\/www.proleer.org\/es\/wp-json\/wp\/v2\/users\/1"}],"replies":[{"embeddable":true,"href":"https:\/\/www.proleer.org\/es\/wp-json\/wp\/v2\/comments?post=2287"}],"version-history":[{"count":0,"href":"https:\/\/www.proleer.org\/es\/wp-json\/wp\/v2\/posts\/2287\/revisions"}],"wp:featuredmedia":[{"embeddable":true,"href":"https:\/\/www.proleer.org\/es\/wp-json\/wp\/v2\/media\/2201"}],"wp:attachment":[{"href":"https:\/\/www.proleer.org\/es\/wp-json\/wp\/v2\/media?parent=2287"}],"wp:term":[{"taxonomy":"category","embeddable":true,"href":"https:\/\/www.proleer.org\/es\/wp-json\/wp\/v2\/categories?post=2287"},{"taxonomy":"post_tag","embeddable":true,"href":"https:\/\/www.proleer.org\/es\/wp-json\/wp\/v2\/tags?post=2287"}],"curies":[{"name":"wp","href":"https:\/\/api.w.org\/{rel}","templated":true}]}}