{"id":2286,"date":"2014-04-15T11:26:00","date_gmt":"2014-04-15T17:26:00","guid":{"rendered":"https:\/\/beta.proleer.org\/2014\/04\/15\/nuestras-metas\/"},"modified":"2014-04-15T11:26:00","modified_gmt":"2014-04-15T17:26:00","slug":"nuestras-metas","status":"publish","type":"post","link":"https:\/\/www.proleer.org\/es\/2014\/04\/15\/nuestras-metas\/","title":{"rendered":"Nuestras Metas"},"content":{"rendered":"<h1>Nuestras Metas<\/h1>\n<hr \/>\n<p>&nbsp;<\/p>\n<p><img fetchpriority=\"high\" decoding=\"async\" class=\" alignleft size-full wp-image-2267\" style=\"margin-right: 10px; margin-bottom: 10px; margin-left: 10px; float: left;\" alt=\"goals\" src=\"https:\/\/www.proleer.org\/wp-content\/uploads\/2013\/10\/goals-998.jpg\" width=\"350\" height=\"260\" srcset=\"https:\/\/www.proleer.org\/wp-content\/uploads\/2013\/10\/goals-998.jpg 350w, https:\/\/www.proleer.org\/wp-content\/uploads\/2013\/10\/goals-998-300x223.jpg 300w\" sizes=\"(max-width: 350px) 100vw, 350px\" \/><\/p>\n<p>&nbsp;<\/p>\n<p>La red de ProLEER busca avanzar la pol\u00edtica p\u00fablica y la pr\u00e1ctica en la educaci\u00f3n para la temprana edad en los pa\u00edses donde trabaja a trav\u00e9s de:&nbsp;<\/p>\n<ul>\n<li>Compartir conocimiento y experiencia de punta en educaci\u00f3n temprana de alta calidad, desarrollo profesional docente y ense\u00f1anza del lenguaje y la lectura;<\/li>\n<li>Fomentar el di\u00e1logo entre grupos de inter\u00e9s dentro del sector educaci\u00f3n, desde investigadores, profesionales y creadores de pol\u00edtica p\u00fablica hasta organizaciones sin fines de lucro, medios de comunicaci\u00f3n y autoridades gubernamentales;<\/li>\n<li>Facilitar la colaboraci\u00f3n en estas \u00e1reas entre los individuos, organizaciones y pa\u00edses participantes.<\/li>\n<\/ul>\n<p>&nbsp;<\/p>\n<p>&nbsp;<\/p><\/p>\n","protected":false},"excerpt":{"rendered":"<p>Nuestras Metas &nbsp; &nbsp; La red de ProLEER busca avanzar la pol\u00edtica p\u00fablica y la pr\u00e1ctica en la educaci\u00f3n para la temprana edad en los pa\u00edses donde trabaja a trav\u00e9s de:&nbsp; Compartir conocimiento y experiencia de punta en educaci\u00f3n temprana de alta calidad, desarrollo profesional docente y ense\u00f1anza del lenguaje y la lectura; Fomentar el [&hellip;]<\/p>\n","protected":false},"author":1,"featured_media":2267,"comment_status":"open","ping_status":"open","sticky":false,"template":"","format":"standard","meta":{"footnotes":""},"categories":[205],"tags":[],"_links":{"self":[{"href":"https:\/\/www.proleer.org\/es\/wp-json\/wp\/v2\/posts\/2286"}],"collection":[{"href":"https:\/\/www.proleer.org\/es\/wp-json\/wp\/v2\/posts"}],"about":[{"href":"https:\/\/www.proleer.org\/es\/wp-json\/wp\/v2\/types\/post"}],"author":[{"embeddable":true,"href":"https:\/\/www.proleer.org\/es\/wp-json\/wp\/v2\/users\/1"}],"replies":[{"embeddable":true,"href":"https:\/\/www.proleer.org\/es\/wp-json\/wp\/v2\/comments?post=2286"}],"version-history":[{"count":0,"href":"https:\/\/www.proleer.org\/es\/wp-json\/wp\/v2\/posts\/2286\/revisions"}],"wp:featuredmedia":[{"embeddable":true,"href":"https:\/\/www.proleer.org\/es\/wp-json\/wp\/v2\/media\/2267"}],"wp:attachment":[{"href":"https:\/\/www.proleer.org\/es\/wp-json\/wp\/v2\/media?parent=2286"}],"wp:term":[{"taxonomy":"category","embeddable":true,"href":"https:\/\/www.proleer.org\/es\/wp-json\/wp\/v2\/categories?post=2286"},{"taxonomy":"post_tag","embeddable":true,"href":"https:\/\/www.proleer.org\/es\/wp-json\/wp\/v2\/tags?post=2286"}],"curies":[{"name":"wp","href":"https:\/\/api.w.org\/{rel}","templated":true}]}}