{"id":2282,"date":"2013-11-05T18:01:39","date_gmt":"2013-11-06T00:01:39","guid":{"rendered":"https:\/\/beta.proleer.org\/2013\/11\/05\/informacion-de-la-reunion-anual\/"},"modified":"2013-11-05T18:01:39","modified_gmt":"2013-11-06T00:01:39","slug":"informacion-de-la-reunion-anual","status":"publish","type":"post","link":"https:\/\/www.proleer.org\/es\/2013\/11\/05\/informacion-de-la-reunion-anual\/","title":{"rendered":"Informaci\u00f3n de la Reuni\u00f3n Anual"},"content":{"rendered":"<h1>&nbsp;Informaci\u00f3n de la Reuni\u00f3n Anual 2017:<\/h1>\n<hr \/>\n<p>&nbsp;<\/p>\n<p>La reuni\u00f3n anual de ProLEER se llevar\u00e1 a cabo del 27 al 29 de Marzo del 2017 &nbsp;en Harvard College Student Organization Center at Hilles, 59 Shephard, Cambridge, Massachusetts, USA.<\/p>\n<p>Los participantes invitados pertenecen a una variedad de sectores relevantes para el desarrollo educativo en sus pa\u00edses (gobierno, academia, ONGs y otras \u00e1reas). Todos han sido identificados como individuos poseedores de gran potencial para comprometerse con la construcci\u00f3n, ejecuci\u00f3n y seguimiento de una agenda grupal anual con impacto local e internacional.<\/p>\n<p>Para que pueda planificar su semana desde ahora, a continuaci\u00f3n ofrecemos toda la informaci\u00f3n necesaria para aprovechar su tiempo al m\u00e1ximo:<\/p>\n<p><strong><span style=\"color: #993300;\"><a href=\"https:\/\/www.proleer.org\/wp-content\/uploads\/2013\/11\/AgendaProLEER.24feb017-844.pdf\" target=\"_blank\" rel=\"noopener\"><span style=\"color: #993300;\">Descargue la agenda de la Reuni\u00f3n Anual aqu\u00ed<\/span><\/a>.<\/span><\/strong><\/p>\n<p><a href=\"https:\/\/www.proleer.org\/wp-content\/uploads\/2013\/11\/ContactListProLEER.2017-e77.pdf\" target=\"_blank\" rel=\"noopener\"><strong><span style=\"color: #993300;\">Descargue la hoja de contacto de los participantes aqu\u00ed<\/span><\/strong><\/a><strong><span style=\"color: #993300;\">.<\/span><\/strong><\/p>\n<p><span style=\"text-decoration: underline; color: #993300;\"><strong><a href=\"https:\/\/www.proleer.org\/wp-content\/uploads\/2013\/11\/BIOSPROLEER2017_web-d87.pdf\" target=\"_blank\" rel=\"noopener\"><span style=\"color: #993300; text-decoration: underline;\">Descargue las BIOS de los participantes aqu\u00ed<\/span><\/a><a href=\"https:\/\/www.proleer.org\/wp-content\/uploads\/2013\/11\/BIOSPROLEER2017_web-d87.pdf\" target=\"_blank\" rel=\"noopener\"><span style=\"color: #993300; text-decoration: underline;\">.<\/span><\/a><\/strong><\/span><\/p>\n<p>&nbsp;<\/p>\n<h1>&nbsp;Registrar en los eventos especiales<\/h1>\n<hr \/>\n<p>&nbsp;<\/p>\n<p>Favor de registrarse para actividades especiales siguiendo el enlace a continuaci\u00f3n:<\/p>\n<p><a href=\"https:\/\/es.surveymonkey.com\/r\/Y2RK8MV\" target=\"_blank\" rel=\"noopener\"><strong><span style=\"color: #993300;\">https:\/\/es.surveymonkey.com\/r\/Y2RK8MV<\/span><\/strong><\/a><\/p>\n<p>Responder no tomar\u00e1 m\u00e1s de 2 minutos.<\/p>\n<p><span>&nbsp;<\/span><span style=\"color: #8e313d; font-family: Arial, Helvetica, sans-serif; font-size: 2em; font-weight: bold; line-height: 1;\">Informaci\u00f3n de alojamiento para la reuni\u00f3n:<\/span><\/p>\n<hr \/>\n<p>&nbsp;<\/p>\n<p>Recomendamos reservar en el hotel <strong><span style=\"color: #993300;\"><a href=\"http:\/\/www.marriott.com\/hotels\/maps\/travel\/boscy-courtyard-boston-cambridge\/\" target=\"_blank\" rel=\"noopener\"><span style=\"color: #993300;\">Courtyard Boston Cambridge<\/span><\/a><\/span><\/strong>, aproximadamente a 20 minutos del Harvard Square.&nbsp;<\/p>\n<p>El transporte el martes 28 saldr\u00e1 a las 8:30 am del Hotel Courtyard para la visita a la escuela, de acuerdo a la agenda de la reuni\u00f3n.<\/p>\n<p><a href=\"https:\/\/www.proleer.org\/wp-content\/uploads\/2013\/11\/HOTELSATHARVARD2017-518.pdf\" target=\"_blank\" rel=\"noopener\"><strong><span style=\"color: #993300;\"><span>Descargue la lista de hoteles recomendados aqu\u00ed.<\/span><\/span><\/strong><\/a><\/p>\n<p><strong><span style=\"color: #993300;\"><a href=\"https:\/\/www.proleer.org\/wp-content\/uploads\/2013\/11\/Harvard_map_small-4d8.pdf\" target=\"_blank\" rel=\"noopener\"><span style=\"color: #993300;\">Descargue el mapa de la Universidad de&nbsp;Cambridge&nbsp;aqu\u00ed.<\/span><br \/><\/a><\/span><\/strong><\/p>\n<p>&nbsp;<\/p>\n","protected":false},"excerpt":{"rendered":"<p>&nbsp;Informaci\u00f3n de la Reuni\u00f3n Anual 2017: &nbsp; La reuni\u00f3n anual de ProLEER se llevar\u00e1 a cabo del 27 al 29 de Marzo del 2017 &nbsp;en Harvard College Student Organization Center at Hilles, 59 Shephard, Cambridge, Massachusetts, USA. Los participantes invitados pertenecen a una variedad de sectores relevantes para el desarrollo educativo en sus pa\u00edses (gobierno, [&hellip;]<\/p>\n","protected":false},"author":1,"featured_media":0,"comment_status":"open","ping_status":"open","sticky":false,"template":"","format":"standard","meta":{"footnotes":""},"categories":[205],"tags":[],"_links":{"self":[{"href":"https:\/\/www.proleer.org\/es\/wp-json\/wp\/v2\/posts\/2282"}],"collection":[{"href":"https:\/\/www.proleer.org\/es\/wp-json\/wp\/v2\/posts"}],"about":[{"href":"https:\/\/www.proleer.org\/es\/wp-json\/wp\/v2\/types\/post"}],"author":[{"embeddable":true,"href":"https:\/\/www.proleer.org\/es\/wp-json\/wp\/v2\/users\/1"}],"replies":[{"embeddable":true,"href":"https:\/\/www.proleer.org\/es\/wp-json\/wp\/v2\/comments?post=2282"}],"version-history":[{"count":0,"href":"https:\/\/www.proleer.org\/es\/wp-json\/wp\/v2\/posts\/2282\/revisions"}],"wp:attachment":[{"href":"https:\/\/www.proleer.org\/es\/wp-json\/wp\/v2\/media?parent=2282"}],"wp:term":[{"taxonomy":"category","embeddable":true,"href":"https:\/\/www.proleer.org\/es\/wp-json\/wp\/v2\/categories?post=2282"},{"taxonomy":"post_tag","embeddable":true,"href":"https:\/\/www.proleer.org\/es\/wp-json\/wp\/v2\/tags?post=2282"}],"curies":[{"name":"wp","href":"https:\/\/api.w.org\/{rel}","templated":true}]}}