{"id":2281,"date":"2013-11-12T09:05:32","date_gmt":"2013-11-12T15:05:32","guid":{"rendered":"https:\/\/beta.proleer.org\/2013\/11\/12\/recursos\/"},"modified":"2013-11-12T09:05:32","modified_gmt":"2013-11-12T15:05:32","slug":"recursos","status":"publish","type":"post","link":"https:\/\/www.proleer.org\/es\/2013\/11\/12\/recursos\/","title":{"rendered":"Recursos"},"content":{"rendered":"<h1>Recursos<\/h1>\n<p>&nbsp;<\/p>\n<hr \/>\n<p>&nbsp;<\/p>\n<h3><span style=\"color: #993300;\">English<\/span><\/h3>\n<p><a href=\"https:\/\/www.proleer.org\/wp-content\/uploads\/2013\/11\/Evidence_Base_on_Preschool_Education-f5a.pdf\" target=\"_blank\" rel=\"noopener\">Investing in Our Future: The Evidence Base on Preschool Education<\/a><\/p>\n<p><a href=\"https:\/\/www.proleer.org\/wp-content\/uploads\/2013\/11\/cdev12184-af3.pdf\" target=\"_blank\" rel=\"noopener\">Evidence for General and Domain-Specific Elements of Teacher\u2013Child Interactions: Associations With Preschool Children&#8217;s Development<\/a><\/p>\n<h3><span style=\"color: #993300;\">Espa\u00f1ol<\/span><\/h3>\n<p><a href=\"http:\/\/www.youtube.com\/watch?v=8-2TSy713jE\" target=\"_blank\" rel=\"noopener\">Institutional Video-ProLEER Costa Rica<\/a><\/p>\n<p><a href=\"http:\/\/www.ceducar.info\/CEDUCAR\/recursos\/biblioteca%20online\/educacion%20inicial\/Hans\/HTML\/index.html\" target=\"_blank\" rel=\"noopener\">Los Fundamentos. Teor\u00eda y pr\u00e1ctica de la educaci\u00f3n inicial en la ni\u00f1ez.<\/a> Cohen de Lara, H. (2012). Sardes Educational Services. (Traducido al espa\u00f1ol por CECC\/SICA y ADA).<\/p>\n<p>&nbsp;<\/p>\n<p>&nbsp;<\/p>\n<p>&nbsp;<\/p>\n<p>&nbsp;<\/p>\n<p>&nbsp;<\/p>\n<p>&nbsp;<\/p>\n<p>&nbsp;<\/p>\n","protected":false},"excerpt":{"rendered":"<p>Recursos &nbsp; &nbsp; English Investing in Our Future: The Evidence Base on Preschool Education Evidence for General and Domain-Specific Elements of Teacher\u2013Child Interactions: Associations With Preschool Children&#8217;s Development Espa\u00f1ol Institutional Video-ProLEER Costa Rica Los Fundamentos. Teor\u00eda y pr\u00e1ctica de la educaci\u00f3n inicial en la ni\u00f1ez. Cohen de Lara, H. (2012). Sardes Educational Services. (Traducido al [&hellip;]<\/p>\n","protected":false},"author":1,"featured_media":0,"comment_status":"open","ping_status":"open","sticky":false,"template":"","format":"standard","meta":{"footnotes":""},"categories":[205],"tags":[],"_links":{"self":[{"href":"https:\/\/www.proleer.org\/es\/wp-json\/wp\/v2\/posts\/2281"}],"collection":[{"href":"https:\/\/www.proleer.org\/es\/wp-json\/wp\/v2\/posts"}],"about":[{"href":"https:\/\/www.proleer.org\/es\/wp-json\/wp\/v2\/types\/post"}],"author":[{"embeddable":true,"href":"https:\/\/www.proleer.org\/es\/wp-json\/wp\/v2\/users\/1"}],"replies":[{"embeddable":true,"href":"https:\/\/www.proleer.org\/es\/wp-json\/wp\/v2\/comments?post=2281"}],"version-history":[{"count":0,"href":"https:\/\/www.proleer.org\/es\/wp-json\/wp\/v2\/posts\/2281\/revisions"}],"wp:attachment":[{"href":"https:\/\/www.proleer.org\/es\/wp-json\/wp\/v2\/media?parent=2281"}],"wp:term":[{"taxonomy":"category","embeddable":true,"href":"https:\/\/www.proleer.org\/es\/wp-json\/wp\/v2\/categories?post=2281"},{"taxonomy":"post_tag","embeddable":true,"href":"https:\/\/www.proleer.org\/es\/wp-json\/wp\/v2\/tags?post=2281"}],"curies":[{"name":"wp","href":"https:\/\/api.w.org\/{rel}","templated":true}]}}